{"id":1121,"date":"2020-05-25T22:11:54","date_gmt":"2020-05-25T20:11:54","guid":{"rendered":"https:\/\/www.tourisme-valdemarne.com\/espace-groupes\/?p=1121"},"modified":"2024-02-12T14:54:45","modified_gmt":"2024-02-12T13:54:45","slug":"informations-utiles-covid-19","status":"publish","type":"post","link":"https:\/\/www.tourisme-valdemarne.com\/espace-groupes\/informations-utiles-covid-19\/","title":{"rendered":"Informations utiles \u2013 Covid-19"},"content":{"rendered":"\n<p class=\"is-style-excerpt\">Les mesures sanitaires exceptionnelles, mises en place par le Gouvernement pour lutter contre le Covid-19, modifient les modalit\u00e9s pour les sorties de groupe sur le territoire ainsi que l\u2019organisation actuelle du Comit\u00e9 D\u00e9partemental du Tourisme du Val-de-Marne.<\/p>\n\n\n\n<h2 class=\"wp-block-heading\">FOIRE AUX QUESTIONS<\/h2>\n\n\n\n<h3 class=\"wp-block-heading\">Comment annuler ou reporter une sortie que j\u2019avais r\u00e9serv\u00e9e ?<\/h3>\n\n\n\n<p>Le service Groupes est \u00e0 votre disposition pour discuter des modalit\u00e9s d\u2019annulation ou de report de toutes vos sorties. N\u2019h\u00e9sitez pas \u00e0 les joindre sur :&nbsp;re&#115;&#97;&#64;touris&#109;e-v&#97;&#108;de&#109;a&#114;&#110;e.com<\/p>\n\n\n\n<h3 class=\"wp-block-heading\">Puis-je r\u00e9server une sortie de groupe ?<\/h3>\n\n\n\n<p>Vous pouvez tout \u00e0 fait planifier des sorties de groupe dans un avenir plus ou moins proche. A savoir que les diff\u00e9rents sites propos\u00e9s dans le cadre de ces sorties ont des dates et des modalit\u00e9s de r\u00e9ouverture diff\u00e9rentes. Nous vous invitons donc \u00e0 contacter le service Groupes pour discuter de votre projet afin que nous puissions vous proposer une solution en ad\u00e9quation avec vos attentes.<\/p>\n\n\n\n<h3 class=\"wp-block-heading\">Comment joindre le service groupe ?<\/h3>\n\n\n\n<p>Le service Groupes est actuellement en t\u00e9l\u00e9travail et joignable uniquement par mail \u00e0\u00a0r&#101;&#115;a&#64;t&#111;&#117;risme-&#118;a&#108;&#100;e&#109;a&#114;&#110;&#101;&#46;c&#111;m<\/p>\n\n\n\n<h3 class=\"wp-block-heading\">Comment savoir si le site que nous souhaitons visiter est ouvert ?<\/h3>\n\n\n\n<p>La situation \u00e9volue chaque jour, en fonction des directives Gouvernementales mais \u00e9galement des modalit\u00e9s d\u2019acc\u00e8s des sites. Le Comit\u00e9 du Tourisme est le plus \u00e0 m\u00eame de r\u00e9pondre \u00e0 toutes vos questions, nous vous invitons donc \u00e0 nous&nbsp;<a href=\"https:\/\/www.tourisme-valdemarne.com\/espace-groupes\/contact\/\" target=\"_blank\" rel=\"noreferrer noopener\">envoyer un mail<\/a>&nbsp;avec toutes vos questions.<\/p>\n\n\n\n<p>Vous pouvez \u00e9galement consulter notre\u00a0<a href=\"https:\/\/www.tourisme-valdemarne.com\/agendas\/tout-lagenda\/deconfinement-val-de-marne-reouverture-des-sites-touristiques-et-de-loisirs\/\" target=\"_blank\" rel=\"noreferrer noopener\">page consacr\u00e9e \u00e0 la r\u00e9ouverture des sites en Val-de-Marne<\/a>.<\/p>\n\n\n\n<h3 class=\"wp-block-heading\">Y a-t-il des contraintes ou des obligations li\u00e9es au virus lors des sorties ?<\/h3>\n\n\n\n<p>Les sorties organis\u00e9es respectent les directives du Gouvernement. Le service Groupes vous donnera toutes les informations n\u00e9cessaires en amont de votre sortie.<\/p>\n","protected":false},"excerpt":{"rendered":"<p>Les mesures sanitaires exceptionnelles, mises en place par le Gouvernement pour lutter contre le Covid-19, modifient les modalit\u00e9s pour les sorties de groupe sur le territoire ainsi que l\u2019organisation actuelle du Comit\u00e9 D\u00e9partemental du Tourisme du Val-de-Marne. FOIRE AUX QUESTIONS Comment annuler ou reporter une sortie que j\u2019avais r\u00e9serv\u00e9e ? Le service Groupes est \u00e0 [&hellip;]<\/p>\n","protected":false},"author":7,"featured_media":1277,"comment_status":"closed","ping_status":"closed","sticky":false,"template":"","format":"standard","meta":{"_relevanssi_hide_post":"","_relevanssi_hide_content":"","_relevanssi_pin_for_all":"","_relevanssi_pin_keywords":"","_relevanssi_unpin_keywords":"","_relevanssi_related_keywords":"","_relevanssi_related_include_ids":"","_relevanssi_related_exclude_ids":"","_relevanssi_related_no_append":"","_relevanssi_related_not_related":"","_relevanssi_related_posts":"1120,1221,1120,1111","_relevanssi_noindex_reason":"","footnotes":""},"categories":[1],"tags":[],"vdmTagMarketing":[],"class_list":["post-1121","post","type-post","status-publish","format-standard","has-post-thumbnail","hentry","category-non-classe"],"acf":[],"yoast_head":"<!-- This site is optimized with the Yoast SEO plugin v23.9 - https:\/\/yoast.com\/wordpress\/plugins\/seo\/ -->\n<title>Informations utiles - Covid-19 - FAQ - Sorties Groupes<\/title>\n<meta name=\"description\" content=\"Retrouvez toutes les informations utiles (FAQ) pour vos sorties de groupe dans le Val-de-Marne durant la crise du Coronavirus Covid-19.\" \/>\n<meta name=\"robots\" content=\"index, follow, max-snippet:-1, max-image-preview:large, max-video-preview:-1\" \/>\n<link rel=\"canonical\" href=\"https:\/\/www.tourisme-valdemarne.com\/espace-groupes\/informations-utiles-covid-19\/\" \/>\n<meta property=\"og:locale\" content=\"fr_FR\" \/>\n<meta property=\"og:type\" content=\"article\" \/>\n<meta property=\"og:title\" content=\"Informations utiles - Covid-19 - FAQ - Sorties Groupes\" \/>\n<meta property=\"og:description\" content=\"Retrouvez toutes les informations utiles (FAQ) pour vos sorties de groupe dans le Val-de-Marne durant la crise du Coronavirus Covid-19.\" \/>\n<meta property=\"og:url\" content=\"https:\/\/www.tourisme-valdemarne.com\/espace-groupes\/informations-utiles-covid-19\/\" \/>\n<meta property=\"og:site_name\" content=\"Sorties Groupes\" \/>\n<meta property=\"article:published_time\" content=\"2020-05-25T20:11:54+00:00\" \/>\n<meta property=\"article:modified_time\" content=\"2024-02-12T13:54:45+00:00\" \/>\n<meta property=\"og:image\" content=\"https:\/\/www.tourisme-valdemarne.com\/espace-groupes\/wp-content\/uploads\/sites\/2\/2020\/05\/question-mark-1872634_1920.jpg\" \/>\n\t<meta property=\"og:image:width\" content=\"1920\" \/>\n\t<meta property=\"og:image:height\" content=\"1056\" \/>\n\t<meta property=\"og:image:type\" content=\"image\/jpeg\" \/>\n<meta name=\"author\" content=\"Aurore\" \/>\n<meta name=\"twitter:card\" content=\"summary_large_image\" \/>\n<meta name=\"twitter:label1\" content=\"\u00c9crit par\" \/>\n\t<meta name=\"twitter:data1\" content=\"Aurore\" \/>\n\t<meta name=\"twitter:label2\" content=\"Dur\u00e9e de lecture estim\u00e9e\" \/>\n\t<meta name=\"twitter:data2\" content=\"2 minutes\" \/>\n<script type=\"application\/ld+json\" class=\"yoast-schema-graph\">{\"@context\":\"https:\/\/schema.org\",\"@graph\":[{\"@type\":\"WebPage\",\"@id\":\"https:\/\/www.tourisme-valdemarne.com\/espace-groupes\/informations-utiles-covid-19\/\",\"url\":\"https:\/\/www.tourisme-valdemarne.com\/espace-groupes\/informations-utiles-covid-19\/\",\"name\":\"Informations utiles - Covid-19 - FAQ - Sorties Groupes\",\"isPartOf\":{\"@id\":\"https:\/\/www.tourisme-valdemarne.com\/espace-groupes\/#website\"},\"primaryImageOfPage\":{\"@id\":\"https:\/\/www.tourisme-valdemarne.com\/espace-groupes\/informations-utiles-covid-19\/#primaryimage\"},\"image\":{\"@id\":\"https:\/\/www.tourisme-valdemarne.com\/espace-groupes\/informations-utiles-covid-19\/#primaryimage\"},\"thumbnailUrl\":\"https:\/\/www.tourisme-valdemarne.com\/espace-groupes\/wp-content\/uploads\/sites\/2\/2020\/05\/question-mark-1872634_1920.jpg\",\"datePublished\":\"2020-05-25T20:11:54+00:00\",\"dateModified\":\"2024-02-12T13:54:45+00:00\",\"author\":{\"@id\":\"https:\/\/www.tourisme-valdemarne.com\/espace-groupes\/#\/schema\/person\/43577a169230163a2d7bc6310d6940d1\"},\"description\":\"Retrouvez toutes les informations utiles (FAQ) pour vos sorties de groupe dans le Val-de-Marne durant la crise du Coronavirus Covid-19.\",\"breadcrumb\":{\"@id\":\"https:\/\/www.tourisme-valdemarne.com\/espace-groupes\/informations-utiles-covid-19\/#breadcrumb\"},\"inLanguage\":\"fr-FR\",\"potentialAction\":[{\"@type\":\"ReadAction\",\"target\":[\"https:\/\/www.tourisme-valdemarne.com\/espace-groupes\/informations-utiles-covid-19\/\"]}]},{\"@type\":\"ImageObject\",\"inLanguage\":\"fr-FR\",\"@id\":\"https:\/\/www.tourisme-valdemarne.com\/espace-groupes\/informations-utiles-covid-19\/#primaryimage\",\"url\":\"https:\/\/www.tourisme-valdemarne.com\/espace-groupes\/wp-content\/uploads\/sites\/2\/2020\/05\/question-mark-1872634_1920.jpg\",\"contentUrl\":\"https:\/\/www.tourisme-valdemarne.com\/espace-groupes\/wp-content\/uploads\/sites\/2\/2020\/05\/question-mark-1872634_1920.jpg\",\"width\":1920,\"height\":1056,\"caption\":\"Questions\"},{\"@type\":\"BreadcrumbList\",\"@id\":\"https:\/\/www.tourisme-valdemarne.com\/espace-groupes\/informations-utiles-covid-19\/#breadcrumb\",\"itemListElement\":[{\"@type\":\"ListItem\",\"position\":1,\"name\":\"Accueil\",\"item\":\"https:\/\/www.tourisme-valdemarne.com\/espace-groupes\/\"},{\"@type\":\"ListItem\",\"position\":2,\"name\":\"Informations utiles \u2013 Covid-19\"}]},{\"@type\":\"WebSite\",\"@id\":\"https:\/\/www.tourisme-valdemarne.com\/espace-groupes\/#website\",\"url\":\"https:\/\/www.tourisme-valdemarne.com\/espace-groupes\/\",\"name\":\"Sorties Groupes\",\"description\":\"Un site utilisant Val de Marne Tourisme &amp; Loisirs Sites\",\"potentialAction\":[{\"@type\":\"SearchAction\",\"target\":{\"@type\":\"EntryPoint\",\"urlTemplate\":\"https:\/\/www.tourisme-valdemarne.com\/espace-groupes\/?s={search_term_string}\"},\"query-input\":{\"@type\":\"PropertyValueSpecification\",\"valueRequired\":true,\"valueName\":\"search_term_string\"}}],\"inLanguage\":\"fr-FR\"},{\"@type\":\"Person\",\"@id\":\"https:\/\/www.tourisme-valdemarne.com\/espace-groupes\/#\/schema\/person\/43577a169230163a2d7bc6310d6940d1\",\"name\":\"Aurore\",\"image\":{\"@type\":\"ImageObject\",\"inLanguage\":\"fr-FR\",\"@id\":\"https:\/\/www.tourisme-valdemarne.com\/espace-groupes\/#\/schema\/person\/image\/\",\"url\":\"https:\/\/www.tourisme-valdemarne.com\/espace-groupes\/wp-content\/uploads\/sites\/2\/2020\/12\/aurore-96x96.jpg\",\"contentUrl\":\"https:\/\/www.tourisme-valdemarne.com\/espace-groupes\/wp-content\/uploads\/sites\/2\/2020\/12\/aurore-96x96.jpg\",\"caption\":\"Aurore\"},\"description\":\"Val-de-Marnaise de c\u0153ur depuis toujours, je n'h\u00e9site jamais \u00e0 chausser aussi bien baskets que talons pour vivre de nouvelles exp\u00e9riences.\"}]}<\/script>\n<!-- \/ Yoast SEO plugin. -->","yoast_head_json":{"title":"Informations utiles - Covid-19 - FAQ - Sorties Groupes","description":"Retrouvez toutes les informations utiles (FAQ) pour vos sorties de groupe dans le Val-de-Marne durant la crise du Coronavirus Covid-19.","robots":{"index":"index","follow":"follow","max-snippet":"max-snippet:-1","max-image-preview":"max-image-preview:large","max-video-preview":"max-video-preview:-1"},"canonical":"https:\/\/www.tourisme-valdemarne.com\/espace-groupes\/informations-utiles-covid-19\/","og_locale":"fr_FR","og_type":"article","og_title":"Informations utiles - Covid-19 - FAQ - Sorties Groupes","og_description":"Retrouvez toutes les informations utiles (FAQ) pour vos sorties de groupe dans le Val-de-Marne durant la crise du Coronavirus Covid-19.","og_url":"https:\/\/www.tourisme-valdemarne.com\/espace-groupes\/informations-utiles-covid-19\/","og_site_name":"Sorties Groupes","article_published_time":"2020-05-25T20:11:54+00:00","article_modified_time":"2024-02-12T13:54:45+00:00","og_image":[{"width":1920,"height":1056,"url":"https:\/\/www.tourisme-valdemarne.com\/espace-groupes\/wp-content\/uploads\/sites\/2\/2020\/05\/question-mark-1872634_1920.jpg","type":"image\/jpeg"}],"author":"Aurore","twitter_card":"summary_large_image","twitter_misc":{"\u00c9crit par":"Aurore","Dur\u00e9e de lecture estim\u00e9e":"2 minutes"},"schema":{"@context":"https:\/\/schema.org","@graph":[{"@type":"WebPage","@id":"https:\/\/www.tourisme-valdemarne.com\/espace-groupes\/informations-utiles-covid-19\/","url":"https:\/\/www.tourisme-valdemarne.com\/espace-groupes\/informations-utiles-covid-19\/","name":"Informations utiles - Covid-19 - FAQ - Sorties Groupes","isPartOf":{"@id":"https:\/\/www.tourisme-valdemarne.com\/espace-groupes\/#website"},"primaryImageOfPage":{"@id":"https:\/\/www.tourisme-valdemarne.com\/espace-groupes\/informations-utiles-covid-19\/#primaryimage"},"image":{"@id":"https:\/\/www.tourisme-valdemarne.com\/espace-groupes\/informations-utiles-covid-19\/#primaryimage"},"thumbnailUrl":"https:\/\/www.tourisme-valdemarne.com\/espace-groupes\/wp-content\/uploads\/sites\/2\/2020\/05\/question-mark-1872634_1920.jpg","datePublished":"2020-05-25T20:11:54+00:00","dateModified":"2024-02-12T13:54:45+00:00","author":{"@id":"https:\/\/www.tourisme-valdemarne.com\/espace-groupes\/#\/schema\/person\/43577a169230163a2d7bc6310d6940d1"},"description":"Retrouvez toutes les informations utiles (FAQ) pour vos sorties de groupe dans le Val-de-Marne durant la crise du Coronavirus Covid-19.","breadcrumb":{"@id":"https:\/\/www.tourisme-valdemarne.com\/espace-groupes\/informations-utiles-covid-19\/#breadcrumb"},"inLanguage":"fr-FR","potentialAction":[{"@type":"ReadAction","target":["https:\/\/www.tourisme-valdemarne.com\/espace-groupes\/informations-utiles-covid-19\/"]}]},{"@type":"ImageObject","inLanguage":"fr-FR","@id":"https:\/\/www.tourisme-valdemarne.com\/espace-groupes\/informations-utiles-covid-19\/#primaryimage","url":"https:\/\/www.tourisme-valdemarne.com\/espace-groupes\/wp-content\/uploads\/sites\/2\/2020\/05\/question-mark-1872634_1920.jpg","contentUrl":"https:\/\/www.tourisme-valdemarne.com\/espace-groupes\/wp-content\/uploads\/sites\/2\/2020\/05\/question-mark-1872634_1920.jpg","width":1920,"height":1056,"caption":"Questions"},{"@type":"BreadcrumbList","@id":"https:\/\/www.tourisme-valdemarne.com\/espace-groupes\/informations-utiles-covid-19\/#breadcrumb","itemListElement":[{"@type":"ListItem","position":1,"name":"Accueil","item":"https:\/\/www.tourisme-valdemarne.com\/espace-groupes\/"},{"@type":"ListItem","position":2,"name":"Informations utiles \u2013 Covid-19"}]},{"@type":"WebSite","@id":"https:\/\/www.tourisme-valdemarne.com\/espace-groupes\/#website","url":"https:\/\/www.tourisme-valdemarne.com\/espace-groupes\/","name":"Sorties Groupes","description":"Un site utilisant Val de Marne Tourisme &amp; Loisirs Sites","potentialAction":[{"@type":"SearchAction","target":{"@type":"EntryPoint","urlTemplate":"https:\/\/www.tourisme-valdemarne.com\/espace-groupes\/?s={search_term_string}"},"query-input":{"@type":"PropertyValueSpecification","valueRequired":true,"valueName":"search_term_string"}}],"inLanguage":"fr-FR"},{"@type":"Person","@id":"https:\/\/www.tourisme-valdemarne.com\/espace-groupes\/#\/schema\/person\/43577a169230163a2d7bc6310d6940d1","name":"Aurore","image":{"@type":"ImageObject","inLanguage":"fr-FR","@id":"https:\/\/www.tourisme-valdemarne.com\/espace-groupes\/#\/schema\/person\/image\/","url":"https:\/\/www.tourisme-valdemarne.com\/espace-groupes\/wp-content\/uploads\/sites\/2\/2020\/12\/aurore-96x96.jpg","contentUrl":"https:\/\/www.tourisme-valdemarne.com\/espace-groupes\/wp-content\/uploads\/sites\/2\/2020\/12\/aurore-96x96.jpg","caption":"Aurore"},"description":"Val-de-Marnaise de c\u0153ur depuis toujours, je n'h\u00e9site jamais \u00e0 chausser aussi bien baskets que talons pour vivre de nouvelles exp\u00e9riences."}]}},"views":262,"_links":{"self":[{"href":"https:\/\/www.tourisme-valdemarne.com\/espace-groupes\/wp-json\/wp\/v2\/posts\/1121","targetHints":{"allow":["GET"]}}],"collection":[{"href":"https:\/\/www.tourisme-valdemarne.com\/espace-groupes\/wp-json\/wp\/v2\/posts"}],"about":[{"href":"https:\/\/www.tourisme-valdemarne.com\/espace-groupes\/wp-json\/wp\/v2\/types\/post"}],"author":[{"embeddable":true,"href":"https:\/\/www.tourisme-valdemarne.com\/espace-groupes\/wp-json\/wp\/v2\/users\/7"}],"replies":[{"embeddable":true,"href":"https:\/\/www.tourisme-valdemarne.com\/espace-groupes\/wp-json\/wp\/v2\/comments?post=1121"}],"version-history":[{"count":3,"href":"https:\/\/www.tourisme-valdemarne.com\/espace-groupes\/wp-json\/wp\/v2\/posts\/1121\/revisions"}],"predecessor-version":[{"id":8037,"href":"https:\/\/www.tourisme-valdemarne.com\/espace-groupes\/wp-json\/wp\/v2\/posts\/1121\/revisions\/8037"}],"wp:featuredmedia":[{"embeddable":true,"href":"https:\/\/www.tourisme-valdemarne.com\/espace-groupes\/wp-json\/wp\/v2\/media\/1277"}],"wp:attachment":[{"href":"https:\/\/www.tourisme-valdemarne.com\/espace-groupes\/wp-json\/wp\/v2\/media?parent=1121"}],"wp:term":[{"taxonomy":"category","embeddable":true,"href":"https:\/\/www.tourisme-valdemarne.com\/espace-groupes\/wp-json\/wp\/v2\/categories?post=1121"},{"taxonomy":"post_tag","embeddable":true,"href":"https:\/\/www.tourisme-valdemarne.com\/espace-groupes\/wp-json\/wp\/v2\/tags?post=1121"},{"taxonomy":"vdmTagMarketing","embeddable":true,"href":"https:\/\/www.tourisme-valdemarne.com\/espace-groupes\/wp-json\/wp\/v2\/vdmTagMarketing?post=1121"}],"curies":[{"name":"wp","href":"https:\/\/api.w.org\/{rel}","templated":true}]}}